{"id":2874,"date":"2022-09-27T08:53:10","date_gmt":"2022-09-27T11:53:10","guid":{"rendered":"https:\/\/rcsites.com.br\/formato\/?p=2874"},"modified":"2023-10-10T10:49:50","modified_gmt":"2023-10-10T13:49:50","slug":"atencao-para-o-horario-eleitoral-gratuito","status":"publish","type":"post","link":"https:\/\/rcsites.com.br\/formato\/atencao-para-o-horario-eleitoral-gratuito\/","title":{"rendered":"Aten\u00e7\u00e3o para o hor\u00e1rio eleitoral gratuito!"},"content":{"rendered":"\n<p>A cada 2 anos os dilemas se repetem. De um lado os f\u00e3s do<strong>&nbsp;candidato B<\/strong>, do outro lado os f\u00e3s do&nbsp;<strong>candidato L<\/strong>. Falas mais enf\u00e1ticas, discursos acirrados, debates \u00e0 mesa do bar, brigas nos grupos da fam\u00edlia, m\u00eddia cobrindo a agenda dos partidos e por a\u00ed vai. Quando come\u00e7a o hor\u00e1rio eleitoral gratuito, uns desligam a TV, outros n\u00e3o piscam pra n\u00e3o correr o risco de perder a hora. Uns falam junto com o candidato, outros riem de cada um que aparece. E sua empresa, faz o que nesse cen\u00e1rio? Primeira e mais importante coisa a fazer: N\u00c3O SE METER. Isso mesmo, sua empresa N\u00c3O tem partido. Sabe por que? Porque n\u00e3o interessa o candidato do seu cliente, contanto que ele compre de voc\u00ea. Voc\u00ea, pessoa jur\u00eddica, n\u00e3o tem lado. Voc\u00ea, pessoa jur\u00eddica, tem produto e\/ou servi\u00e7o a oferecer. Voc\u00ea, pessoa jur\u00eddica, quer o cliente, independente se ele \u00e9 de direita, de esquerda ou coluna do meio.<\/p>\n\n\n\n<p>Uma outra grande preocupa\u00e7\u00e3o \u00e9 observar o que voc\u00ea est\u00e1 comunicando\u2026 alguns detalhes que nem seriam notados em \u00e9pocas comuns podem ser mal interpretados em tempos de elei\u00e7\u00e3o. Vamos a um exemplo bemmmm atual: o uso das cores. Cuidado ao usar vermelho ou verde e amarelo. Estamos falando em ter cuidado com alguma poss\u00edvel associa\u00e7\u00e3o com a pol\u00edtica, n\u00e3o em deixar de usar essas cores por conta da politicagem, ok? Na pr\u00e1tica: a cor escolhida \u201cfala\u201d com a ideia e com a mensagem que voc\u00ea quer transmitir ou est\u00e1 ali de forma totalmente aleat\u00f3ria? Outra coisa, o texto traz algum termo desnecess\u00e1rio e muito partid\u00e1rio COMPANHEIROS? Favor prestar aten\u00e7\u00e3o, porque aqui \u00e9 BRASIL ACIMA DE TUDO, TALKEI?<\/p>\n\n\n\n<p>Esse ano, pra completar o cabo de for\u00e7a pol\u00edtica, e dar ainda mais trabalho \u00e0s empresas (e suas ag\u00eancias), a Copa do Mundo de Futebol ser\u00e1 realizada em pleno m\u00eas de novembro. De cara a gente fica naturalmente confuso (desde que me entendo por gente, Copa \u00e9 no S\u00e3o Jo\u00e3o com forr\u00f3, festa na rua, apito, tudo em verde e amarelo, uma festa! Massss, esse ano, \u00e9 necess\u00e1rio redobrar a aten\u00e7\u00e3o at\u00e9 na hora de usar a bandeira do pa\u00eds\u2026 Redobrar a aten\u00e7\u00e3o n\u00e3o significa n\u00e3o usar, mas avaliar cada palavra, cada imagem, cada coloca\u00e7\u00e3o. Um exemplo pr\u00e1tico: em uma pe\u00e7a publicit\u00e1ria para vender a cole\u00e7\u00e3o de roupas para a Copa do Mundo, evite usar a frase \u201cAqui somos Brasil o tempo inteiro\u201d\u2026 melhor optar por algo tipo \u201cNa Copa do Mundo, nossa torcida \u00e9 para o time canarinho\u201d. Esse exemplo \u00e9 ilustrativo, ok? Uma publicit\u00e1ria n\u00e3o seria t\u00e3o sem gra\u00e7a na cria\u00e7\u00e3o de um texto, ora bolas!!<\/p>\n\n\n\n<p>Parece \u00f3bvio, muito \u00f3bvio o que vou escrever agora, mas, por\u00e9m, contudo, entretanto e todavia\u2026 h\u00e1 quem esque\u00e7a ou confunda tudinho. Anunciante, sua empresa n\u00e3o tem lado, lembra? Por isso, esque\u00e7a esse neg\u00f3cio de Globo golpista, Anitta esquerdista, Jovem Pan bolsominion, Folha de S\u00e3o Paulo comunista, bl\u00e1, bl\u00e1, bl\u00e1\u2026 v\u00e1 pra onde seu cliente est\u00e1! S\u00f3 isso, entendeu? N\u00e3o?! Vou desenhar ent\u00e3o! Sua empresa, meu caro e minha cara, tem que estar onde o povo est\u00e1. Ou seja, o que interessa na hora de anunciar \u00e9 a audi\u00eancia. Tem muito bolsonarista? OK! Tem muito lulista? OK! Tem p\u00fablico? L\u00e1 estaremos com nosso an\u00fancio, passando nossa mensagem! E amanh\u00e3, se a pessoa estiver vestindo vermelho ou verde amarelo, tanto faz! Atenda seu cliente e venda muuuuiito pra ele.<\/p>\n\n\n\n<p>Ah, e n\u00e3o esque\u00e7a: sua empresa precisa ser a escolha certa antes, durante e depois da campanha pol\u00edtica e, no dia da elei\u00e7\u00e3o trate de votar direito, seja l\u00e1 o que isso signifique nos tempos atuais\u2026<\/p>\n","protected":false},"excerpt":{"rendered":"<p>A cada 2 anos os dilemas se repetem. De um lado os f\u00e3s do&nbsp;candidato B, do outro lado os f\u00e3s do&nbsp;candidato L. Falas mais enf\u00e1ticas, discursos acirrados, debates \u00e0 mesa do bar, brigas nos grupos da fam\u00edlia, m\u00eddia cobrindo a agenda dos partidos e por a\u00ed vai. Quando come\u00e7a o hor\u00e1rio eleitoral gratuito, uns desligam [&hellip;]<\/p>\n","protected":false},"author":1,"featured_media":0,"comment_status":"open","ping_status":"open","sticky":false,"template":"","format":"standard","meta":{"footnotes":""},"categories":[1,16],"tags":[17,18],"class_list":["post-2874","post","type-post","status-publish","format-standard","hentry","category-formato-ideias","category-soraya-macedo","tag-horario-eleitoral","tag-propaganda-eleitoral"],"_links":{"self":[{"href":"https:\/\/rcsites.com.br\/formato\/wp-json\/wp\/v2\/posts\/2874","targetHints":{"allow":["GET"]}}],"collection":[{"href":"https:\/\/rcsites.com.br\/formato\/wp-json\/wp\/v2\/posts"}],"about":[{"href":"https:\/\/rcsites.com.br\/formato\/wp-json\/wp\/v2\/types\/post"}],"author":[{"embeddable":true,"href":"https:\/\/rcsites.com.br\/formato\/wp-json\/wp\/v2\/users\/1"}],"replies":[{"embeddable":true,"href":"https:\/\/rcsites.com.br\/formato\/wp-json\/wp\/v2\/comments?post=2874"}],"version-history":[{"count":1,"href":"https:\/\/rcsites.com.br\/formato\/wp-json\/wp\/v2\/posts\/2874\/revisions"}],"predecessor-version":[{"id":2876,"href":"https:\/\/rcsites.com.br\/formato\/wp-json\/wp\/v2\/posts\/2874\/revisions\/2876"}],"wp:attachment":[{"href":"https:\/\/rcsites.com.br\/formato\/wp-json\/wp\/v2\/media?parent=2874"}],"wp:term":[{"taxonomy":"category","embeddable":true,"href":"https:\/\/rcsites.com.br\/formato\/wp-json\/wp\/v2\/categories?post=2874"},{"taxonomy":"post_tag","embeddable":true,"href":"https:\/\/rcsites.com.br\/formato\/wp-json\/wp\/v2\/tags?post=2874"}],"curies":[{"name":"wp","href":"https:\/\/api.w.org\/{rel}","templated":true}]}}